{"id":297,"date":"2016-12-08T18:06:12","date_gmt":"2016-12-08T18:06:12","guid":{"rendered":"https:\/\/im8hoursaheadcat.wordpress.com\/?p=297"},"modified":"2021-02-16T10:50:16","modified_gmt":"2021-02-16T10:50:16","slug":"48-hores-roma","status":"publish","type":"post","link":"https:\/\/im8hoursahead.com\/cat\/48-hores-roma\/","title":{"rendered":"48 hores a Roma: qu\u00e8 fer i veure"},"content":{"rendered":"<p style=\"text-align: justify;\">Despr\u00e9s d\u2019una setmana molt ocupada, no hi ha res millor que marxar de cap de setmana a Roma. Anava amb dos nois que no hi havien estat mai, i encara que l\u2019\u00faltim cop que jo vaig ser-hi fos quan tenia 16 anys, va ser divertit ser la guia per un cap de setmana. Trobareu aqu\u00ed l\u2019itinerari que vam fer:<\/p>\n<p style=\"text-align: justify;\">Dorm\u00edem entre Campo de\u2019 Fiori i Piazza Navona. Despr\u00e9s de con\u00e8ixer la nostra amfitriona d\u2019Airbnb vam sortir per un barri ple de vida a prendre unes birres, hi havia molta gent fora dels bars bevent i fumant, suposo que l\u2019agradable temperatura per ser Novembre ajudava.<\/p>\n<p style=\"text-align: justify;\"><img loading=\"lazy\" decoding=\"async\" class=\"alignnone wp-image-619 size-full\" title=\"Carrers de Roma\" src=\"http:\/\/cat.im8hoursahead.com\/wp-content\/uploads\/sites\/3\/2016\/12\/MG_7144.jpg\" alt=\"Carrers de Roma\" width=\"1200\" height=\"800\" srcset=\"http:\/\/cat.im8hoursahead.com\/wp-content\/uploads\/sites\/3\/2016\/12\/MG_7144.jpg 1200w, http:\/\/cat.im8hoursahead.com\/wp-content\/uploads\/sites\/3\/2016\/12\/MG_7144-980x653.jpg 980w, http:\/\/cat.im8hoursahead.com\/wp-content\/uploads\/sites\/3\/2016\/12\/MG_7144-480x320.jpg 480w\" sizes=\"auto, (min-width: 0px) and (max-width: 480px) 480px, (min-width: 481px) and (max-width: 980px) 980px, (min-width: 981px) 1200px, 100vw\" \/> <img loading=\"lazy\" decoding=\"async\" class=\"alignnone wp-image-620 size-full\" title=\"Carrers de Roma\" src=\"http:\/\/cat.im8hoursahead.com\/wp-content\/uploads\/sites\/3\/2016\/12\/MG_7161.jpg\" alt=\"Carrers de Roma\" width=\"1200\" height=\"800\" srcset=\"http:\/\/cat.im8hoursahead.com\/wp-content\/uploads\/sites\/3\/2016\/12\/MG_7161.jpg 1200w, http:\/\/cat.im8hoursahead.com\/wp-content\/uploads\/sites\/3\/2016\/12\/MG_7161-980x653.jpg 980w, http:\/\/cat.im8hoursahead.com\/wp-content\/uploads\/sites\/3\/2016\/12\/MG_7161-480x320.jpg 480w\" sizes=\"auto, (min-width: 0px) and (max-width: 480px) 480px, (min-width: 481px) and (max-width: 980px) 980px, (min-width: 981px) 1200px, 100vw\" \/> <img loading=\"lazy\" decoding=\"async\" class=\"alignnone wp-image-621 size-full\" title=\"I'm8hoursahead als carrers de Roma\" src=\"http:\/\/cat.im8hoursahead.com\/wp-content\/uploads\/sites\/3\/2016\/12\/MG_7313.jpg\" alt=\"I'm8hoursahead als carrers de Roma\" width=\"1200\" height=\"1800\" srcset=\"http:\/\/cat.im8hoursahead.com\/wp-content\/uploads\/sites\/3\/2016\/12\/MG_7313.jpg 1200w, http:\/\/cat.im8hoursahead.com\/wp-content\/uploads\/sites\/3\/2016\/12\/MG_7313-980x1470.jpg 980w, http:\/\/cat.im8hoursahead.com\/wp-content\/uploads\/sites\/3\/2016\/12\/MG_7313-480x720.jpg 480w\" sizes=\"auto, (min-width: 0px) and (max-width: 480px) 480px, (min-width: 481px) and (max-width: 980px) 980px, (min-width: 981px) 1200px, 100vw\" \/><\/p>\n<div id=\"ez-toc-container\" class=\"ez-toc-v2_0_17 counter-hierarchy\">\n<div class=\"ez-toc-title-container\">\n<p class=\"ez-toc-title\">Taula de Continguts<\/p>\n<span class=\"ez-toc-title-toggle\"><a class=\"ez-toc-pull-right ez-toc-btn ez-toc-btn-xs ez-toc-btn-default ez-toc-toggle\" style=\"display: none;\"><i class=\"ez-toc-glyphicon ez-toc-icon-toggle\"><\/i><\/a><\/span><\/div>\n<nav><ul class=\"ez-toc-list ez-toc-list-level-1\"><li class=\"ez-toc-page-1 ez-toc-heading-level-4\"><a class=\"ez-toc-link ez-toc-heading-1\" href=\"https:\/\/im8hoursahead.com\/cat\/48-hores-roma\/#Dia_1\" title=\"Dia 1:\">Dia 1:<\/a><ul class=\"ez-toc-list-level-6\"><li class=\"ez-toc-heading-level-6\"><ul class=\"ez-toc-list-level-6\"><li class=\"ez-toc-heading-level-6\"><a class=\"ez-toc-link ez-toc-heading-2\" href=\"https:\/\/im8hoursahead.com\/cat\/48-hores-roma\/#Piazza_Navona\" title=\"Piazza Navona\">Piazza Navona<\/a><\/li><li class=\"ez-toc-page-1 ez-toc-heading-level-6\"><a class=\"ez-toc-link ez-toc-heading-3\" href=\"https:\/\/im8hoursahead.com\/cat\/48-hores-roma\/#Piazza_di_Spagna\" title=\"Piazza di Spagna\">Piazza di Spagna<\/a><\/li><li class=\"ez-toc-page-1 ez-toc-heading-level-6\"><a class=\"ez-toc-link ez-toc-heading-4\" href=\"https:\/\/im8hoursahead.com\/cat\/48-hores-roma\/#Fontana_Di_Trevi\" title=\"Fontana Di Trevi\">Fontana Di Trevi<\/a><\/li><li class=\"ez-toc-page-1 ez-toc-heading-level-6\"><a class=\"ez-toc-link ez-toc-heading-5\" href=\"https:\/\/im8hoursahead.com\/cat\/48-hores-roma\/#Pantheon\" title=\"Pantheon\">Pantheon<\/a><\/li><li class=\"ez-toc-page-1 ez-toc-heading-level-6\"><a class=\"ez-toc-link ez-toc-heading-6\" href=\"https:\/\/im8hoursahead.com\/cat\/48-hores-roma\/#Nit_al_Trastevere\" title=\"Nit al Trastevere\">Nit al Trastevere<\/a><\/li><\/ul><\/li><\/ul><\/li><li class=\"ez-toc-page-1 ez-toc-heading-level-4\"><a class=\"ez-toc-link ez-toc-heading-7\" href=\"https:\/\/im8hoursahead.com\/cat\/48-hores-roma\/#Dia_2\" title=\"Dia 2:\">Dia 2:<\/a><ul class=\"ez-toc-list-level-6\"><li class=\"ez-toc-heading-level-6\"><ul class=\"ez-toc-list-level-6\"><li class=\"ez-toc-heading-level-6\"><a class=\"ez-toc-link ez-toc-heading-8\" href=\"https:\/\/im8hoursahead.com\/cat\/48-hores-roma\/#Piazza_Venezia\" title=\"Piazza Venezia\">Piazza Venezia<\/a><\/li><li class=\"ez-toc-page-1 ez-toc-heading-level-6\"><a class=\"ez-toc-link ez-toc-heading-9\" href=\"https:\/\/im8hoursahead.com\/cat\/48-hores-roma\/#Foro_Romano_i_mercat_de_Trajan\" title=\"Foro Romano i mercat de Trajan\">Foro Romano i mercat de Trajan<\/a><\/li><li class=\"ez-toc-page-1 ez-toc-heading-level-6\"><a class=\"ez-toc-link ez-toc-heading-10\" href=\"https:\/\/im8hoursahead.com\/cat\/48-hores-roma\/#Colosseum\" title=\"Colosseum\">Colosseum<\/a><\/li><li class=\"ez-toc-page-1 ez-toc-heading-level-6\"><a class=\"ez-toc-link ez-toc-heading-11\" href=\"https:\/\/im8hoursahead.com\/cat\/48-hores-roma\/#San_Pietro_in_Vincoli\" title=\"San Pietro in Vincoli\">San Pietro in Vincoli<\/a><\/li><li class=\"ez-toc-page-1 ez-toc-heading-level-6\"><a class=\"ez-toc-link ez-toc-heading-12\" href=\"https:\/\/im8hoursahead.com\/cat\/48-hores-roma\/#Bone_church_-_Capuchin_Crypt\" title=\"Bone church \u2013 Capuchin Crypt\">Bone church \u2013 Capuchin Crypt<\/a><\/li><li class=\"ez-toc-page-1 ez-toc-heading-level-6\"><a class=\"ez-toc-link ez-toc-heading-13\" href=\"https:\/\/im8hoursahead.com\/cat\/48-hores-roma\/#La_Montecarlo\" title=\"La Montecarlo\">La Montecarlo<\/a><\/li><\/ul><\/li><\/ul><\/li><\/ul><\/nav><\/div>\n<h4 style=\"text-align: justify;\"><span class=\"ez-toc-section\" id=\"Dia_1\"><\/span>Dia 1:<span class=\"ez-toc-section-end\"><\/span><\/h4>\n<h6 style=\"text-align: justify;\"><span class=\"ez-toc-section\" id=\"Piazza_Navona\"><\/span>Piazza Navona<span class=\"ez-toc-section-end\"><\/span><\/h6>\n<p style=\"text-align: justify;\">Vivint a 4 minuts de la pla\u00e7a, va ser el primer lloc on vam anar, seient mentre bev\u00edem el primer caf\u00e8 del dia abans de continuar cap a Piazza di Spagna.<\/p>\n<p style=\"text-align: justify;\"><img loading=\"lazy\" decoding=\"async\" class=\"alignnone wp-image-622 size-full\" title=\"Pla\u00e7a Navona Roma\" src=\"http:\/\/cat.im8hoursahead.com\/wp-content\/uploads\/sites\/3\/2016\/12\/MG_7148.jpg\" alt=\"Pla\u00e7a Navona Roma\" width=\"1200\" height=\"800\" srcset=\"http:\/\/cat.im8hoursahead.com\/wp-content\/uploads\/sites\/3\/2016\/12\/MG_7148.jpg 1200w, http:\/\/cat.im8hoursahead.com\/wp-content\/uploads\/sites\/3\/2016\/12\/MG_7148-980x653.jpg 980w, http:\/\/cat.im8hoursahead.com\/wp-content\/uploads\/sites\/3\/2016\/12\/MG_7148-480x320.jpg 480w\" sizes=\"auto, (min-width: 0px) and (max-width: 480px) 480px, (min-width: 481px) and (max-width: 980px) 980px, (min-width: 981px) 1200px, 100vw\" \/> <img loading=\"lazy\" decoding=\"async\" class=\"alignnone wp-image-623 size-full\" title=\"Pla\u00e7a Navona Roma\" src=\"http:\/\/cat.im8hoursahead.com\/wp-content\/uploads\/sites\/3\/2016\/12\/MG_7156.jpg\" alt=\"Pla\u00e7a Navona Roma\" width=\"1200\" height=\"1800\" srcset=\"http:\/\/cat.im8hoursahead.com\/wp-content\/uploads\/sites\/3\/2016\/12\/MG_7156.jpg 1200w, http:\/\/cat.im8hoursahead.com\/wp-content\/uploads\/sites\/3\/2016\/12\/MG_7156-980x1470.jpg 980w, http:\/\/cat.im8hoursahead.com\/wp-content\/uploads\/sites\/3\/2016\/12\/MG_7156-480x720.jpg 480w\" sizes=\"auto, (min-width: 0px) and (max-width: 480px) 480px, (min-width: 481px) and (max-width: 980px) 980px, (min-width: 981px) 1200px, 100vw\" \/><\/p>\n<h6 style=\"text-align: justify;\"><span class=\"ez-toc-section\" id=\"Piazza_di_Spagna\"><\/span>Piazza di Spagna<span class=\"ez-toc-section-end\"><\/span><\/h6>\n<p style=\"text-align: justify;\">Recordo la meva mare dient-me el primer cop que vaig anar a Roma \u2013 sempre has de pujar totes les escales per veure els teulats de tota la ciutat. Aix\u00f2 \u00e9s el que vam fer.<\/p>\n<p style=\"text-align: justify;\">\u00a0<img loading=\"lazy\" decoding=\"async\" class=\"alignnone wp-image-625 size-full\" title=\"I'm8hoursahead a pla\u00e7a Espanya Roma\" src=\"http:\/\/cat.im8hoursahead.com\/wp-content\/uploads\/sites\/3\/2016\/12\/MG_7172.jpg\" alt=\"I'm8hoursahead a pla\u00e7a Espanya Roma\" width=\"1200\" height=\"800\" srcset=\"http:\/\/cat.im8hoursahead.com\/wp-content\/uploads\/sites\/3\/2016\/12\/MG_7172.jpg 1200w, http:\/\/cat.im8hoursahead.com\/wp-content\/uploads\/sites\/3\/2016\/12\/MG_7172-980x653.jpg 980w, http:\/\/cat.im8hoursahead.com\/wp-content\/uploads\/sites\/3\/2016\/12\/MG_7172-480x320.jpg 480w\" sizes=\"auto, (min-width: 0px) and (max-width: 480px) 480px, (min-width: 481px) and (max-width: 980px) 980px, (min-width: 981px) 1200px, 100vw\" \/> <img loading=\"lazy\" decoding=\"async\" class=\"alignnone wp-image-626 size-full\" title=\"Terrats de Roma des de Pla\u00e7a Espanya\" src=\"http:\/\/cat.im8hoursahead.com\/wp-content\/uploads\/sites\/3\/2016\/12\/MG_7197.jpg\" alt=\"Terrats de Roma des de Pla\u00e7a Espanya\" width=\"1200\" height=\"800\" srcset=\"http:\/\/cat.im8hoursahead.com\/wp-content\/uploads\/sites\/3\/2016\/12\/MG_7197.jpg 1200w, http:\/\/cat.im8hoursahead.com\/wp-content\/uploads\/sites\/3\/2016\/12\/MG_7197-980x653.jpg 980w, http:\/\/cat.im8hoursahead.com\/wp-content\/uploads\/sites\/3\/2016\/12\/MG_7197-480x320.jpg 480w\" sizes=\"auto, (min-width: 0px) and (max-width: 480px) 480px, (min-width: 481px) and (max-width: 980px) 980px, (min-width: 981px) 1200px, 100vw\" \/> <img loading=\"lazy\" decoding=\"async\" class=\"alignnone wp-image-627 size-full\" title=\"I'm8hoursahead i els terrats de Roma\" src=\"http:\/\/cat.im8hoursahead.com\/wp-content\/uploads\/sites\/3\/2016\/12\/MG_7233.jpg\" alt=\"I'm8hoursahead i els terrats de Roma\" width=\"1200\" height=\"800\" srcset=\"http:\/\/cat.im8hoursahead.com\/wp-content\/uploads\/sites\/3\/2016\/12\/MG_7233.jpg 1200w, http:\/\/cat.im8hoursahead.com\/wp-content\/uploads\/sites\/3\/2016\/12\/MG_7233-980x653.jpg 980w, http:\/\/cat.im8hoursahead.com\/wp-content\/uploads\/sites\/3\/2016\/12\/MG_7233-480x320.jpg 480w\" sizes=\"auto, (min-width: 0px) and (max-width: 480px) 480px, (min-width: 481px) and (max-width: 980px) 980px, (min-width: 981px) 1200px, 100vw\" \/><\/p>\n<h6 style=\"text-align: justify;\"><span class=\"ez-toc-section\" id=\"Fontana_Di_Trevi\"><\/span>Fontana Di Trevi<span class=\"ez-toc-section-end\"><\/span><\/h6>\n<p style=\"text-align: justify;\">Caminant per Via del Corso vam anar a parar a la Fontana Di Trevi, que sempre est\u00e0 plena de gent i al ser un lloc m\u00e9s aviat acotat, es nota molt l\u2019aglomeraci\u00f3 de gent. Vam tirar la moneda, la llegenda diu que si ho fas garantir\u00e0s la teva tornada a la ciutat en algun moment de la teva vida.<\/p>\n<p style=\"text-align: justify;\"><img loading=\"lazy\" decoding=\"async\" class=\"alignnone wp-image-628 size-full\" title=\"Fontana di Trevi\" src=\"http:\/\/cat.im8hoursahead.com\/wp-content\/uploads\/sites\/3\/2016\/12\/MG_7258.jpg\" alt=\"Fontana di Trevi\" width=\"1200\" height=\"800\" srcset=\"http:\/\/cat.im8hoursahead.com\/wp-content\/uploads\/sites\/3\/2016\/12\/MG_7258.jpg 1200w, http:\/\/cat.im8hoursahead.com\/wp-content\/uploads\/sites\/3\/2016\/12\/MG_7258-980x653.jpg 980w, http:\/\/cat.im8hoursahead.com\/wp-content\/uploads\/sites\/3\/2016\/12\/MG_7258-480x320.jpg 480w\" sizes=\"auto, (min-width: 0px) and (max-width: 480px) 480px, (min-width: 481px) and (max-width: 980px) 980px, (min-width: 981px) 1200px, 100vw\" \/> <img loading=\"lazy\" decoding=\"async\" class=\"alignnone wp-image-629 size-full\" title=\"I'm8hoursahead a la Fontana di Trevi\" src=\"http:\/\/cat.im8hoursahead.com\/wp-content\/uploads\/sites\/3\/2016\/12\/MG_7276.jpg\" alt=\"I'm8hoursahead a la Fontana di Trevi\" width=\"1200\" height=\"800\" srcset=\"http:\/\/cat.im8hoursahead.com\/wp-content\/uploads\/sites\/3\/2016\/12\/MG_7276.jpg 1200w, http:\/\/cat.im8hoursahead.com\/wp-content\/uploads\/sites\/3\/2016\/12\/MG_7276-980x653.jpg 980w, http:\/\/cat.im8hoursahead.com\/wp-content\/uploads\/sites\/3\/2016\/12\/MG_7276-480x320.jpg 480w\" sizes=\"auto, (min-width: 0px) and (max-width: 480px) 480px, (min-width: 481px) and (max-width: 980px) 980px, (min-width: 981px) 1200px, 100vw\" \/><\/p>\n<h6 style=\"text-align: justify;\"><span class=\"ez-toc-section\" id=\"Pantheon\"><\/span>Pantheon<span class=\"ez-toc-section-end\"><\/span><\/h6>\n<p style=\"text-align: justify;\">Despr\u00e9s ens vam dirigir al Pantheon situat a la Piazza della Rotonda. Era gaireb\u00e9 fosc i despr\u00e9s de veure tot l\u2019edifici i la c\u00fapula vam sortir a fora on un m\u00fasic de carrer amb una guitarra havia reunit un gran nombre de gent i ens vam quedar all\u00e0 durant una estona cantant i aplaudint.<\/p>\n<p style=\"text-align: justify;\"><img loading=\"lazy\" decoding=\"async\" class=\"alignnone wp-image-630 size-full\" title=\"Pante\u00f3 de Roma\" src=\"http:\/\/cat.im8hoursahead.com\/wp-content\/uploads\/sites\/3\/2016\/12\/MG_7305.jpg\" alt=\"Pante\u00f3 de Roma\" width=\"1200\" height=\"800\" srcset=\"http:\/\/cat.im8hoursahead.com\/wp-content\/uploads\/sites\/3\/2016\/12\/MG_7305.jpg 1200w, http:\/\/cat.im8hoursahead.com\/wp-content\/uploads\/sites\/3\/2016\/12\/MG_7305-980x653.jpg 980w, http:\/\/cat.im8hoursahead.com\/wp-content\/uploads\/sites\/3\/2016\/12\/MG_7305-480x320.jpg 480w\" sizes=\"auto, (min-width: 0px) and (max-width: 480px) 480px, (min-width: 481px) and (max-width: 980px) 980px, (min-width: 981px) 1200px, 100vw\" \/> <img loading=\"lazy\" decoding=\"async\" class=\"alignnone wp-image-631 size-full\" title=\"Pante\u00f3 de Roma\" src=\"http:\/\/cat.im8hoursahead.com\/wp-content\/uploads\/sites\/3\/2016\/12\/MG_7306.jpg\" alt=\"Pante\u00f3 de Roma\" width=\"1200\" height=\"800\" srcset=\"http:\/\/cat.im8hoursahead.com\/wp-content\/uploads\/sites\/3\/2016\/12\/MG_7306.jpg 1200w, http:\/\/cat.im8hoursahead.com\/wp-content\/uploads\/sites\/3\/2016\/12\/MG_7306-980x653.jpg 980w, http:\/\/cat.im8hoursahead.com\/wp-content\/uploads\/sites\/3\/2016\/12\/MG_7306-480x320.jpg 480w\" sizes=\"auto, (min-width: 0px) and (max-width: 480px) 480px, (min-width: 481px) and (max-width: 980px) 980px, (min-width: 981px) 1200px, 100vw\" \/><img loading=\"lazy\" decoding=\"async\" class=\"alignnone wp-image-635 size-full\" title=\"cantant davant del Pante\u00f3 de Roma\" src=\"http:\/\/cat.im8hoursahead.com\/wp-content\/uploads\/sites\/3\/2016\/12\/IMG_7254.jpg\" alt=\"cantant davant del Pante\u00f3 de Roma\" width=\"1200\" height=\"900\" srcset=\"http:\/\/cat.im8hoursahead.com\/wp-content\/uploads\/sites\/3\/2016\/12\/IMG_7254.jpg 1200w, http:\/\/cat.im8hoursahead.com\/wp-content\/uploads\/sites\/3\/2016\/12\/IMG_7254-980x735.jpg 980w, http:\/\/cat.im8hoursahead.com\/wp-content\/uploads\/sites\/3\/2016\/12\/IMG_7254-480x360.jpg 480w\" sizes=\"auto, (min-width: 0px) and (max-width: 480px) 480px, (min-width: 481px) and (max-width: 980px) 980px, (min-width: 981px) 1200px, 100vw\" \/><\/p>\n<h6 style=\"text-align: justify;\"><span class=\"ez-toc-section\" id=\"Nit_al_Trastevere\"><\/span>Nit al Trastevere<span class=\"ez-toc-section-end\"><\/span><\/h6>\n<p style=\"text-align: justify;\">Creuant el riu es trobem el barri del Trastevere. La seva pla\u00e7a principal es Piazza Santa Maria in Trastevere. Un restaurant on seure a sopar (amb pasta i pizza, per suposat) i just despr\u00e9s ens vam decidir per provar una altra cosa per la que el barri \u00e9s conegut: xupitos de xocolata. El xupito te\u2019l serveixen en un got de xocolata i porta crema per sobre, per tant t\u2019ho poses tot a la boca amb el licor a dins. Estava bon\u00edssim!<\/p>\n<p style=\"text-align: justify;\"><img loading=\"lazy\" decoding=\"async\" class=\"alignnone wp-image-633 size-full\" title=\"Xupitos de xocolata al Trastevere\" src=\"http:\/\/cat.im8hoursahead.com\/wp-content\/uploads\/sites\/3\/2016\/12\/IMG_7260.jpg\" alt=\"Xupitos de xocolata al Trastevere\" width=\"1200\" height=\"1600\" srcset=\"http:\/\/cat.im8hoursahead.com\/wp-content\/uploads\/sites\/3\/2016\/12\/IMG_7260.jpg 1200w, http:\/\/cat.im8hoursahead.com\/wp-content\/uploads\/sites\/3\/2016\/12\/IMG_7260-980x1307.jpg 980w, http:\/\/cat.im8hoursahead.com\/wp-content\/uploads\/sites\/3\/2016\/12\/IMG_7260-480x640.jpg 480w\" sizes=\"auto, (min-width: 0px) and (max-width: 480px) 480px, (min-width: 481px) and (max-width: 980px) 980px, (min-width: 981px) 1200px, 100vw\" \/> <img loading=\"lazy\" decoding=\"async\" class=\"alignnone wp-image-634 size-full\" title=\"Xupitos de xocolata al Trastevere\" src=\"http:\/\/cat.im8hoursahead.com\/wp-content\/uploads\/sites\/3\/2016\/12\/IMG_7263.jpg\" alt=\"Xupitos de xocolata al Trastevere\" width=\"1200\" height=\"900\" srcset=\"http:\/\/cat.im8hoursahead.com\/wp-content\/uploads\/sites\/3\/2016\/12\/IMG_7263.jpg 1200w, http:\/\/cat.im8hoursahead.com\/wp-content\/uploads\/sites\/3\/2016\/12\/IMG_7263-980x735.jpg 980w, http:\/\/cat.im8hoursahead.com\/wp-content\/uploads\/sites\/3\/2016\/12\/IMG_7263-480x360.jpg 480w\" sizes=\"auto, (min-width: 0px) and (max-width: 480px) 480px, (min-width: 481px) and (max-width: 980px) 980px, (min-width: 981px) 1200px, 100vw\" \/><\/p>\n<h4 style=\"text-align: justify;\"><span class=\"ez-toc-section\" id=\"Dia_2\"><\/span>Dia 2:<span class=\"ez-toc-section-end\"><\/span><\/h4>\n<h6 style=\"text-align: justify;\"><span class=\"ez-toc-section\" id=\"Piazza_Venezia\"><\/span>Piazza Venezia<span class=\"ez-toc-section-end\"><\/span><\/h6>\n<p style=\"text-align: justify;\">Un dels centres neur\u00e0lgics de la ciutat, vam caminar al voltant de la pla\u00e7a i de l\u2019Altare della Patria, part del monument del primer rei d\u2019It\u00e0lia, Vittorio Emanuele II.<\/p>\n<p style=\"text-align: justify;\"><img loading=\"lazy\" decoding=\"async\" class=\"alignnone wp-image-636 size-full\" title=\"Pla\u00e7a Ven\u00e8cia Roma\" src=\"http:\/\/cat.im8hoursahead.com\/wp-content\/uploads\/sites\/3\/2016\/12\/IMG_7326.jpg\" alt=\"Pla\u00e7a Ven\u00e8cia Roma\" width=\"1200\" height=\"800\" srcset=\"http:\/\/cat.im8hoursahead.com\/wp-content\/uploads\/sites\/3\/2016\/12\/IMG_7326.jpg 1200w, http:\/\/cat.im8hoursahead.com\/wp-content\/uploads\/sites\/3\/2016\/12\/IMG_7326-980x653.jpg 980w, http:\/\/cat.im8hoursahead.com\/wp-content\/uploads\/sites\/3\/2016\/12\/IMG_7326-480x320.jpg 480w\" sizes=\"auto, (min-width: 0px) and (max-width: 480px) 480px, (min-width: 481px) and (max-width: 980px) 980px, (min-width: 981px) 1200px, 100vw\" \/> <img loading=\"lazy\" decoding=\"async\" class=\"alignnone wp-image-637 size-full\" title=\"Pla\u00e7a Ven\u00e8cia Roma\" src=\"http:\/\/cat.im8hoursahead.com\/wp-content\/uploads\/sites\/3\/2016\/12\/IMG_7328.jpg\" alt=\"Pla\u00e7a Ven\u00e8cia Roma\" width=\"1200\" height=\"800\" srcset=\"http:\/\/cat.im8hoursahead.com\/wp-content\/uploads\/sites\/3\/2016\/12\/IMG_7328.jpg 1200w, http:\/\/cat.im8hoursahead.com\/wp-content\/uploads\/sites\/3\/2016\/12\/IMG_7328-980x653.jpg 980w, http:\/\/cat.im8hoursahead.com\/wp-content\/uploads\/sites\/3\/2016\/12\/IMG_7328-480x320.jpg 480w\" sizes=\"auto, (min-width: 0px) and (max-width: 480px) 480px, (min-width: 481px) and (max-width: 980px) 980px, (min-width: 981px) 1200px, 100vw\" \/> <img loading=\"lazy\" decoding=\"async\" class=\"alignnone wp-image-638 size-full\" title=\"Pla\u00e7a Ven\u00e8cia Roma\" src=\"http:\/\/cat.im8hoursahead.com\/wp-content\/uploads\/sites\/3\/2016\/12\/IMG_7335.jpg\" alt=\"Pla\u00e7a Ven\u00e8cia Roma\" width=\"1200\" height=\"800\" srcset=\"http:\/\/cat.im8hoursahead.com\/wp-content\/uploads\/sites\/3\/2016\/12\/IMG_7335.jpg 1200w, http:\/\/cat.im8hoursahead.com\/wp-content\/uploads\/sites\/3\/2016\/12\/IMG_7335-980x653.jpg 980w, http:\/\/cat.im8hoursahead.com\/wp-content\/uploads\/sites\/3\/2016\/12\/IMG_7335-480x320.jpg 480w\" sizes=\"auto, (min-width: 0px) and (max-width: 480px) 480px, (min-width: 481px) and (max-width: 980px) 980px, (min-width: 981px) 1200px, 100vw\" \/><\/p>\n<h6 style=\"text-align: justify;\"><span class=\"ez-toc-section\" id=\"Foro_Romano_i_mercat_de_Trajan\"><\/span>Foro Romano i mercat de Trajan<span class=\"ez-toc-section-end\"><\/span><\/h6>\n<p style=\"text-align: justify;\">Als dos costats de Via dei Fori Imperiali en direcci\u00f3 al Colosseum podem trobar diferents \u00e0rees amb ru\u00efnes. A l\u2019esquerra Trajan\u2019s market, es creu que \u00e9s el centre comercial m\u00e9s vell del m\u00f3n. A la dreta el Foro di Cesare i m\u00e9s avall en direcci\u00f3 al Colosseum, el Foro Romano.<\/p>\n<p style=\"text-align: justify;\"><img loading=\"lazy\" decoding=\"async\" class=\"alignnone wp-image-639 size-full\" title=\"Foro romano Roma\" src=\"http:\/\/cat.im8hoursahead.com\/wp-content\/uploads\/sites\/3\/2016\/12\/MG_7340.jpg\" alt=\"Foro romano Roma\" width=\"1200\" height=\"800\" srcset=\"http:\/\/cat.im8hoursahead.com\/wp-content\/uploads\/sites\/3\/2016\/12\/MG_7340.jpg 1200w, http:\/\/cat.im8hoursahead.com\/wp-content\/uploads\/sites\/3\/2016\/12\/MG_7340-980x653.jpg 980w, http:\/\/cat.im8hoursahead.com\/wp-content\/uploads\/sites\/3\/2016\/12\/MG_7340-480x320.jpg 480w\" sizes=\"auto, (min-width: 0px) and (max-width: 480px) 480px, (min-width: 481px) and (max-width: 980px) 980px, (min-width: 981px) 1200px, 100vw\" \/> <img loading=\"lazy\" decoding=\"async\" class=\"alignnone wp-image-640 size-full\" title=\"Mercat de Trajan Roma\" src=\"http:\/\/cat.im8hoursahead.com\/wp-content\/uploads\/sites\/3\/2016\/12\/MG_7357.jpg\" alt=\"Mercat de Trajan Roma\" width=\"1200\" height=\"800\" srcset=\"http:\/\/cat.im8hoursahead.com\/wp-content\/uploads\/sites\/3\/2016\/12\/MG_7357.jpg 1200w, http:\/\/cat.im8hoursahead.com\/wp-content\/uploads\/sites\/3\/2016\/12\/MG_7357-980x653.jpg 980w, http:\/\/cat.im8hoursahead.com\/wp-content\/uploads\/sites\/3\/2016\/12\/MG_7357-480x320.jpg 480w\" sizes=\"auto, (min-width: 0px) and (max-width: 480px) 480px, (min-width: 481px) and (max-width: 980px) 980px, (min-width: 981px) 1200px, 100vw\" \/> <img loading=\"lazy\" decoding=\"async\" class=\"alignnone wp-image-641 size-full\" title=\"Foro Romano a Roma\" src=\"http:\/\/cat.im8hoursahead.com\/wp-content\/uploads\/sites\/3\/2016\/12\/MG_7367.jpg\" alt=\"Foro Romano a Roma\" width=\"1200\" height=\"800\" srcset=\"http:\/\/cat.im8hoursahead.com\/wp-content\/uploads\/sites\/3\/2016\/12\/MG_7367.jpg 1200w, http:\/\/cat.im8hoursahead.com\/wp-content\/uploads\/sites\/3\/2016\/12\/MG_7367-980x653.jpg 980w, http:\/\/cat.im8hoursahead.com\/wp-content\/uploads\/sites\/3\/2016\/12\/MG_7367-480x320.jpg 480w\" sizes=\"auto, (min-width: 0px) and (max-width: 480px) 480px, (min-width: 481px) and (max-width: 980px) 980px, (min-width: 981px) 1200px, 100vw\" \/> <img loading=\"lazy\" decoding=\"async\" class=\"alignnone wp-image-642 size-full\" title=\"Foro Romano a Roma\" src=\"http:\/\/cat.im8hoursahead.com\/wp-content\/uploads\/sites\/3\/2016\/12\/MG_7368.jpg\" alt=\"Foro Romano a Roma\" width=\"1200\" height=\"800\" srcset=\"http:\/\/cat.im8hoursahead.com\/wp-content\/uploads\/sites\/3\/2016\/12\/MG_7368.jpg 1200w, http:\/\/cat.im8hoursahead.com\/wp-content\/uploads\/sites\/3\/2016\/12\/MG_7368-980x653.jpg 980w, http:\/\/cat.im8hoursahead.com\/wp-content\/uploads\/sites\/3\/2016\/12\/MG_7368-480x320.jpg 480w\" sizes=\"auto, (min-width: 0px) and (max-width: 480px) 480px, (min-width: 481px) and (max-width: 980px) 980px, (min-width: 981px) 1200px, 100vw\" \/> <img loading=\"lazy\" decoding=\"async\" class=\"alignnone wp-image-643 size-full\" title=\"I'm8hoursahead Foro Romano a Roma\" src=\"http:\/\/cat.im8hoursahead.com\/wp-content\/uploads\/sites\/3\/2016\/12\/MG_7376.jpg\" alt=\"I'm8hoursahead Foro Romano a Roma\" width=\"1200\" height=\"800\" srcset=\"http:\/\/cat.im8hoursahead.com\/wp-content\/uploads\/sites\/3\/2016\/12\/MG_7376.jpg 1200w, http:\/\/cat.im8hoursahead.com\/wp-content\/uploads\/sites\/3\/2016\/12\/MG_7376-980x653.jpg 980w, http:\/\/cat.im8hoursahead.com\/wp-content\/uploads\/sites\/3\/2016\/12\/MG_7376-480x320.jpg 480w\" sizes=\"auto, (min-width: 0px) and (max-width: 480px) 480px, (min-width: 481px) and (max-width: 980px) 980px, (min-width: 981px) 1200px, 100vw\" \/><\/p>\n<h6 style=\"text-align: justify;\"><span class=\"ez-toc-section\" id=\"Colosseum\"><\/span>Colosseum<span class=\"ez-toc-section-end\"><\/span><\/h6>\n<p style=\"text-align: justify;\">Una de les noves Set Meravelles del M\u00f3n, el Colosseum \u00e9s un edifici imponent al mig de la ciutat. Vam fer la meitat d\u2019un tour per dins, i dic la meitat perqu\u00e8 vol\u00edem saltar-nos les cues d\u2019entrada i despr\u00e9s d\u2019escoltar una estona vam decidir passejar per dins al nostre aire.\u00a0Des d\u2019un dels costats es pot veure l\u2019arc de Constantine, on molts turistes es fan la foto amb l\u2019arc i el Colosseum al fons.<\/p>\n<p style=\"text-align: justify;\"><img loading=\"lazy\" decoding=\"async\" class=\"alignnone wp-image-644 size-full\" title=\"Colosseu de Roma\" src=\"http:\/\/cat.im8hoursahead.com\/wp-content\/uploads\/sites\/3\/2016\/12\/MG_7388.jpg\" alt=\"Colosseu de Roma\" width=\"1200\" height=\"800\" srcset=\"http:\/\/cat.im8hoursahead.com\/wp-content\/uploads\/sites\/3\/2016\/12\/MG_7388.jpg 1200w, http:\/\/cat.im8hoursahead.com\/wp-content\/uploads\/sites\/3\/2016\/12\/MG_7388-980x653.jpg 980w, http:\/\/cat.im8hoursahead.com\/wp-content\/uploads\/sites\/3\/2016\/12\/MG_7388-480x320.jpg 480w\" sizes=\"auto, (min-width: 0px) and (max-width: 480px) 480px, (min-width: 481px) and (max-width: 980px) 980px, (min-width: 981px) 1200px, 100vw\" \/> <img loading=\"lazy\" decoding=\"async\" class=\"alignnone wp-image-645 size-full\" title=\"Colosseu de Roma\" src=\"http:\/\/cat.im8hoursahead.com\/wp-content\/uploads\/sites\/3\/2016\/12\/MG_7391.jpg\" alt=\"Colosseu de Roma\" width=\"1200\" height=\"800\" srcset=\"http:\/\/cat.im8hoursahead.com\/wp-content\/uploads\/sites\/3\/2016\/12\/MG_7391.jpg 1200w, http:\/\/cat.im8hoursahead.com\/wp-content\/uploads\/sites\/3\/2016\/12\/MG_7391-980x653.jpg 980w, http:\/\/cat.im8hoursahead.com\/wp-content\/uploads\/sites\/3\/2016\/12\/MG_7391-480x320.jpg 480w\" sizes=\"auto, (min-width: 0px) and (max-width: 480px) 480px, (min-width: 481px) and (max-width: 980px) 980px, (min-width: 981px) 1200px, 100vw\" \/> <img loading=\"lazy\" decoding=\"async\" class=\"alignnone wp-image-646 size-full\" title=\"Colosseu a Roma\" src=\"http:\/\/cat.im8hoursahead.com\/wp-content\/uploads\/sites\/3\/2016\/12\/MG_7393.jpg\" alt=\"Colosseu a Roma\" width=\"1200\" height=\"800\" srcset=\"http:\/\/cat.im8hoursahead.com\/wp-content\/uploads\/sites\/3\/2016\/12\/MG_7393.jpg 1200w, http:\/\/cat.im8hoursahead.com\/wp-content\/uploads\/sites\/3\/2016\/12\/MG_7393-980x653.jpg 980w, http:\/\/cat.im8hoursahead.com\/wp-content\/uploads\/sites\/3\/2016\/12\/MG_7393-480x320.jpg 480w\" sizes=\"auto, (min-width: 0px) and (max-width: 480px) 480px, (min-width: 481px) and (max-width: 980px) 980px, (min-width: 981px) 1200px, 100vw\" \/> <img loading=\"lazy\" decoding=\"async\" class=\"alignnone wp-image-647 size-full\" title=\"Colosseu a Roma\" src=\"http:\/\/cat.im8hoursahead.com\/wp-content\/uploads\/sites\/3\/2016\/12\/MG_7408.jpg\" alt=\"Colosseu a Roma\" width=\"1200\" height=\"1800\" srcset=\"http:\/\/cat.im8hoursahead.com\/wp-content\/uploads\/sites\/3\/2016\/12\/MG_7408.jpg 1200w, http:\/\/cat.im8hoursahead.com\/wp-content\/uploads\/sites\/3\/2016\/12\/MG_7408-980x1470.jpg 980w, http:\/\/cat.im8hoursahead.com\/wp-content\/uploads\/sites\/3\/2016\/12\/MG_7408-480x720.jpg 480w\" sizes=\"auto, (min-width: 0px) and (max-width: 480px) 480px, (min-width: 481px) and (max-width: 980px) 980px, (min-width: 981px) 1200px, 100vw\" \/> <img loading=\"lazy\" decoding=\"async\" class=\"alignnone wp-image-648 size-full\" title=\"Colosseu a Roma\" src=\"http:\/\/cat.im8hoursahead.com\/wp-content\/uploads\/sites\/3\/2016\/12\/MG_7411.jpg\" alt=\"Colosseu a Roma\" width=\"1200\" height=\"800\" srcset=\"http:\/\/cat.im8hoursahead.com\/wp-content\/uploads\/sites\/3\/2016\/12\/MG_7411.jpg 1200w, http:\/\/cat.im8hoursahead.com\/wp-content\/uploads\/sites\/3\/2016\/12\/MG_7411-980x653.jpg 980w, http:\/\/cat.im8hoursahead.com\/wp-content\/uploads\/sites\/3\/2016\/12\/MG_7411-480x320.jpg 480w\" sizes=\"auto, (min-width: 0px) and (max-width: 480px) 480px, (min-width: 481px) and (max-width: 980px) 980px, (min-width: 981px) 1200px, 100vw\" \/> <img loading=\"lazy\" decoding=\"async\" class=\"alignnone wp-image-649 size-full\" title=\"Arc de Constant\u00ed Roma\" src=\"http:\/\/cat.im8hoursahead.com\/wp-content\/uploads\/sites\/3\/2016\/12\/MG_7435.jpg\" alt=\"Arc de Constant\u00ed Roma\" width=\"1200\" height=\"800\" srcset=\"http:\/\/cat.im8hoursahead.com\/wp-content\/uploads\/sites\/3\/2016\/12\/MG_7435.jpg 1200w, http:\/\/cat.im8hoursahead.com\/wp-content\/uploads\/sites\/3\/2016\/12\/MG_7435-980x653.jpg 980w, http:\/\/cat.im8hoursahead.com\/wp-content\/uploads\/sites\/3\/2016\/12\/MG_7435-480x320.jpg 480w\" sizes=\"auto, (min-width: 0px) and (max-width: 480px) 480px, (min-width: 481px) and (max-width: 980px) 980px, (min-width: 981px) 1200px, 100vw\" \/> <img loading=\"lazy\" decoding=\"async\" class=\"alignnone wp-image-650 size-full\" title=\"Colosseu a Roma\" src=\"http:\/\/cat.im8hoursahead.com\/wp-content\/uploads\/sites\/3\/2016\/12\/MG_7454.jpg\" alt=\"Colosseu a Roma\" width=\"4272\" height=\"2848\" \/> <img loading=\"lazy\" decoding=\"async\" class=\"alignnone wp-image-651 size-full\" title=\"Colosseu a Roma\" src=\"http:\/\/cat.im8hoursahead.com\/wp-content\/uploads\/sites\/3\/2016\/12\/MG_7459.jpg\" alt=\"Colosseu a Roma\" width=\"1200\" height=\"800\" srcset=\"http:\/\/cat.im8hoursahead.com\/wp-content\/uploads\/sites\/3\/2016\/12\/MG_7459.jpg 1200w, http:\/\/cat.im8hoursahead.com\/wp-content\/uploads\/sites\/3\/2016\/12\/MG_7459-980x653.jpg 980w, http:\/\/cat.im8hoursahead.com\/wp-content\/uploads\/sites\/3\/2016\/12\/MG_7459-480x320.jpg 480w\" sizes=\"auto, (min-width: 0px) and (max-width: 480px) 480px, (min-width: 481px) and (max-width: 980px) 980px, (min-width: 981px) 1200px, 100vw\" \/> <img loading=\"lazy\" decoding=\"async\" class=\"alignnone wp-image-652 size-full\" title=\"Colosseu a Roma\" src=\"http:\/\/cat.im8hoursahead.com\/wp-content\/uploads\/sites\/3\/2016\/12\/MG_7460.jpg\" alt=\"Colosseu a Roma\" width=\"1200\" height=\"800\" srcset=\"http:\/\/cat.im8hoursahead.com\/wp-content\/uploads\/sites\/3\/2016\/12\/MG_7460.jpg 1200w, http:\/\/cat.im8hoursahead.com\/wp-content\/uploads\/sites\/3\/2016\/12\/MG_7460-980x653.jpg 980w, http:\/\/cat.im8hoursahead.com\/wp-content\/uploads\/sites\/3\/2016\/12\/MG_7460-480x320.jpg 480w\" sizes=\"auto, (min-width: 0px) and (max-width: 480px) 480px, (min-width: 481px) and (max-width: 980px) 980px, (min-width: 981px) 1200px, 100vw\" \/><\/p>\n<h6 style=\"text-align: justify;\"><span class=\"ez-toc-section\" id=\"San_Pietro_in_Vincoli\"><\/span>San Pietro in Vincoli<span class=\"ez-toc-section-end\"><\/span><\/h6>\n<p style=\"text-align: justify;\">No teniem planejat anar-hi. Parant a dinar al costat del Colosseum, la cambrera ens hjo va recomanar. Com estava aprop, vam decidir anar-hi.<\/p>\n<p style=\"text-align: justify;\"><a href=\"https:\/\/im8hoursaheadcat.files.wordpress.com\/2016\/12\/img_7285.jpg\"><img loading=\"lazy\" decoding=\"async\" class=\"alignnone size-full wp-image-329\" src=\"https:\/\/im8hoursaheadcat.files.wordpress.com\/2016\/12\/img_7285.jpg\" alt=\"img_7285\" width=\"581\" height=\"1032\" \/><\/a> <a href=\"https:\/\/im8hoursaheadcat.files.wordpress.com\/2016\/12\/img_7287.jpg\"><img loading=\"lazy\" decoding=\"async\" class=\"alignnone size-full wp-image-330\" src=\"https:\/\/im8hoursaheadcat.files.wordpress.com\/2016\/12\/img_7287.jpg\" alt=\"img_7287\" width=\"637\" height=\"359\" \/><\/a><\/p>\n<h6 style=\"text-align: justify;\"><span class=\"ez-toc-section\" id=\"Bone_church_-_Capuchin_Crypt\"><\/span>Bone church \u2013 Capuchin Crypt<span class=\"ez-toc-section-end\"><\/span><\/h6>\n<p style=\"text-align: justify;\">Els nois havien llegit sobre aquesta cripta plena d\u2019ossos, aix\u00ed que vam caminar fins all\u00e0. Una de les meves coses preferides a fer \u00e9s caminar llargues dist\u00e0ncies fora del radi de llocs tur\u00edstics, i con\u00e8ixer m\u00e9s la ciutat. No estava perm\u00e8s fer fotografies a dintre, aix\u00ed que si teniu curiositat hi haureu d\u2019anar vosaltres mateixos!<\/p>\n<h6 style=\"text-align: justify;\"><span class=\"ez-toc-section\" id=\"La_Montecarlo\"><\/span><a href=\"http:\/\/www.lamontecarlo.it\/\" rel=\"nofollow\">La Montecarlo<\/a><span class=\"ez-toc-section-end\"><\/span><\/h6>\n<p style=\"text-align: justify;\">Vam acabar el cap de setmana sopant a un restaurant recomanat no nom\u00e9s per amics sin\u00f3 tamb\u00e9 per TripAdvisor. Fan pasta i pista a un altre nivell, tot s\u00faper bo.<\/p>\n<p style=\"text-align: justify;\">\u00a0<img loading=\"lazy\" decoding=\"async\" class=\"alignnone wp-image-653 size-full\" title=\"Pizza i pasta al restaurant La Montecarlo\" src=\"http:\/\/cat.im8hoursahead.com\/wp-content\/uploads\/sites\/3\/2016\/12\/IMG_7278.jpg\" alt=\"Pizza i pasta al restaurant La Montecarlo\" width=\"1200\" height=\"1600\" srcset=\"http:\/\/cat.im8hoursahead.com\/wp-content\/uploads\/sites\/3\/2016\/12\/IMG_7278.jpg 1200w, http:\/\/cat.im8hoursahead.com\/wp-content\/uploads\/sites\/3\/2016\/12\/IMG_7278-980x1307.jpg 980w, http:\/\/cat.im8hoursahead.com\/wp-content\/uploads\/sites\/3\/2016\/12\/IMG_7278-480x640.jpg 480w\" sizes=\"auto, (min-width: 0px) and (max-width: 480px) 480px, (min-width: 481px) and (max-width: 980px) 980px, (min-width: 981px) 1200px, 100vw\" \/> <img loading=\"lazy\" decoding=\"async\" class=\"alignnone wp-image-654 size-full\" title=\"Pizza i pasta al restaurant La Montecarlo\" src=\"http:\/\/cat.im8hoursahead.com\/wp-content\/uploads\/sites\/3\/2016\/12\/IMG_7279.jpg\" alt=\"Pizza i pasta al restaurant La Montecarlo\" width=\"1200\" height=\"900\" srcset=\"http:\/\/cat.im8hoursahead.com\/wp-content\/uploads\/sites\/3\/2016\/12\/IMG_7279.jpg 1200w, http:\/\/cat.im8hoursahead.com\/wp-content\/uploads\/sites\/3\/2016\/12\/IMG_7279-980x735.jpg 980w, http:\/\/cat.im8hoursahead.com\/wp-content\/uploads\/sites\/3\/2016\/12\/IMG_7279-480x360.jpg 480w\" sizes=\"auto, (min-width: 0px) and (max-width: 480px) 480px, (min-width: 481px) and (max-width: 980px) 980px, (min-width: 981px) 1200px, 100vw\" \/><\/p>\n","protected":false},"excerpt":{"rendered":"<p>A Roma sempre hi ha coses a fer i a veure. Descobreix la millor manera de veure-ho tot en 48h sense perdre&#8217;s res important.<\/p>\n","protected":false},"author":8,"featured_media":644,"comment_status":"open","ping_status":"open","sticky":false,"template":"","format":"standard","meta":{"_et_pb_use_builder":"","_et_pb_old_content":"","_et_gb_content_width":"","footnotes":""},"categories":[93],"tags":[],"localitzacions":[112,122],"class_list":["post-297","post","type-post","status-publish","format-standard","has-post-thumbnail","hentry","category-itinerari","localitzacions-europa","localitzacions-italia"],"_links":{"self":[{"href":"https:\/\/im8hoursahead.com\/cat\/wp-json\/wp\/v2\/posts\/297","targetHints":{"allow":["GET"]}}],"collection":[{"href":"https:\/\/im8hoursahead.com\/cat\/wp-json\/wp\/v2\/posts"}],"about":[{"href":"https:\/\/im8hoursahead.com\/cat\/wp-json\/wp\/v2\/types\/post"}],"author":[{"embeddable":true,"href":"https:\/\/im8hoursahead.com\/cat\/wp-json\/wp\/v2\/users\/8"}],"replies":[{"embeddable":true,"href":"https:\/\/im8hoursahead.com\/cat\/wp-json\/wp\/v2\/comments?post=297"}],"version-history":[{"count":2,"href":"https:\/\/im8hoursahead.com\/cat\/wp-json\/wp\/v2\/posts\/297\/revisions"}],"predecessor-version":[{"id":3104,"href":"https:\/\/im8hoursahead.com\/cat\/wp-json\/wp\/v2\/posts\/297\/revisions\/3104"}],"wp:featuredmedia":[{"embeddable":true,"href":"https:\/\/im8hoursahead.com\/cat\/wp-json\/wp\/v2\/media\/644"}],"wp:attachment":[{"href":"https:\/\/im8hoursahead.com\/cat\/wp-json\/wp\/v2\/media?parent=297"}],"wp:term":[{"taxonomy":"category","embeddable":true,"href":"https:\/\/im8hoursahead.com\/cat\/wp-json\/wp\/v2\/categories?post=297"},{"taxonomy":"post_tag","embeddable":true,"href":"https:\/\/im8hoursahead.com\/cat\/wp-json\/wp\/v2\/tags?post=297"},{"taxonomy":"localitzacions","embeddable":true,"href":"https:\/\/im8hoursahead.com\/cat\/wp-json\/wp\/v2\/localitzacions?post=297"}],"curies":[{"name":"wp","href":"https:\/\/api.w.org\/{rel}","templated":true}]}}